{"id":9885,"date":"2025-04-08T11:00:13","date_gmt":"2025-04-08T10:00:13","guid":{"rendered":"https:\/\/www.isciiibiobanksbiomodels.es\/?p=9885"},"modified":"2025-04-08T11:06:55","modified_gmt":"2025-04-08T10:06:55","slug":"biobanco-ibsp-cv-destacado-en-la-cobertura-del-dia-mundial-de-la-salud-2025-un-compromiso-con-la-salud-materna-y-neonatal","status":"publish","type":"post","link":"https:\/\/www.isciiibiobanksbiomodels.es\/en\/biobanco-ibsp-cv-destacado-en-la-cobertura-del-dia-mundial-de-la-salud-2025-un-compromiso-con-la-salud-materna-y-neonatal\/","title":{"rendered":"Biobanco IBSP-CV Destacado en la Cobertura del D\u00eda Mundial de la Salud 2025: Un Compromiso con la Salud Materna y Neonatal"},"content":{"rendered":"<p>Nos complace compartir que el <strong>Biobanco para la Investigaci\u00f3n Biom\u00e9dica y en Salud P\u00fablica de la Comunidad Valenciana (Biobanco IBSP-CV)<\/strong>, miembro de la <strong>Plataforma ISCIII de Biobancos y Biomodelos (BBMRI.es)<\/strong>, ha sido destacado en la cobertura multimedia del D\u00eda Mundial de la Salud 2025, organizada por BBMRI-ERIC. Este evento global, bajo el lema &#8220;Healthy Beginnings, Hopeful Futures&#8221; (Comienzos saludables, futuros esperanzadores), pone de relieve la importancia de la salud materna y neonatal en la mejora de la salud p\u00fablica global.<\/p>\n<p>En la historia multimedia publicada, disponible <a id=\"menurkpk\" class=\"fui-Link ___1q1shib f2hkw1w f3rmtva f1ewtqcl fyind8e f1k6fduh f1w7gpdv fk6fouc fjoy568 figsok6 f1s184ao f1mk8lai fnbmjn9 f1o700av f13mvf36 f1cmlufx f9n3di6 f1ids18y f1tx3yz7 f1deo86v f1eh06m1 f1iescvh fhgqx19 f1olyrje f1p93eir f1nev41a f1h8hb77 f1lqvz6u f10aw75t fsle3fq f17ae5zn\" title=\"https:\/\/lifesciences.shorthandstories.com\/who-world-health-day-2025-healthy-beginnings-hopeful-futures\/index.html\" href=\"https:\/\/lifesciences.shorthandstories.com\/who-world-health-day-2025-healthy-beginnings-hopeful-futures\/index.html\" target=\"_blank\" rel=\"noreferrer noopener\" aria-label=\"V\u00ednculo aqu\u00ed\">aqu\u00ed<\/a>, el Biobanco IBSP-CV se presenta como un referente clave en las \u00e1reas de salud materna y neonatal. El art\u00edculo resalta los avances y proyectos impulsados por el biobanco, como el proyecto MAMI, que se dedica a investigar la salud de las madres y sus reci\u00e9n nacidos desde una perspectiva microbiol\u00f3gica.<\/p>\n<h3>El Proyecto MAMI: Investigaci\u00f3n sobre la Microbiota Materna<\/h3>\n<p>El <a href=\"https:\/\/bmcpediatr.biomedcentral.com\/articles\/10.1186\/s12887-019-1502-y\"><strong>proyecto MAMI<\/strong><\/a> (MAternal MIcrobiome), liderado por la <strong>Prof. Mar\u00eda Carmen Collado<\/strong> en el <em>Institute of Agrochemistry and Food Technology-National Research Council (IATA-CSIC)<\/em>, es una cohorte de nacimiento en la regi\u00f3n Mediterr\u00e1nea que estudia c\u00f3mo la microbiota materna afecta la salud y el desarrollo temprano de los reci\u00e9n nacidos. A trav\u00e9s de este proyecto, se investigan los factores que influyen en la microbiota materna y su interacci\u00f3n con los compuestos bioactivos de la leche materna, con un enfoque en los efectos sobre el sistema inmunol\u00f3gico infantil y la salud a largo plazo.<\/p>\n<p><span data-teams=\"true\">El<strong> proyecto MAMI<\/strong> se ha beneficiado de muestras sobrantes del biobanco IBSP-CV , lo que ha permitido maximizar el uso de los recursos disponibles, optimizando la capacidad de almacenamiento y distribuci\u00f3n de muestras para la investigaci\u00f3n en salud materna y neonatal.<\/span><\/p>\n<h3>Difusi\u00f3n en Redes Sociales y Alcance Internacional<\/h3>\n<p>Adem\u00e1s de la publicaci\u00f3n en la web, los avances y contribuciones recibidas se han difundido ampliamente a trav\u00e9s de las redes sociales. Se han publicado varios posts en LinkedIn, Facebook y Bluesky, llegando a audiencias globales y promoviendo el trabajo que se realiza desde la Plataforma para avanzar en la salud materna y neonatal. Algunos de los enlaces clave incluyen:<\/p>\n<ul>\n<li><a id=\"menurkpn\" class=\"fui-Link ___1q1shib f2hkw1w f3rmtva f1ewtqcl fyind8e f1k6fduh f1w7gpdv fk6fouc fjoy568 figsok6 f1s184ao f1mk8lai fnbmjn9 f1o700av f13mvf36 f1cmlufx f9n3di6 f1ids18y f1tx3yz7 f1deo86v f1eh06m1 f1iescvh fhgqx19 f1olyrje f1p93eir f1nev41a f1h8hb77 f1lqvz6u f10aw75t fsle3fq f17ae5zn\" title=\"https:\/\/www.linkedin.com\/posts\/bbmri-eric_worldhealthday-endometriosis-hopefulfutures-activity-7314982815954092032-z3ai?utm_source=share&amp;utm_medium=member_desktop&amp;rcm=acoaabyb8bcbrsvcpl1hcljlro90_xeocqoxb84\" href=\"https:\/\/www.linkedin.com\/posts\/bbmri-eric_worldhealthday-endometriosis-hopefulfutures-activity-7314982815954092032-z3Ai?utm_source=share&amp;utm_medium=member_desktop&amp;rcm=ACoAABYb8bcBrSvCpL1hclJlrO90_XeOcQOXb84\" target=\"_blank\" rel=\"noreferrer noopener\" aria-label=\"V\u00ednculo Post sobre Endometriosis y Salud Materna\">Post sobre Endometriosis y Salud Materna<\/a><\/li>\n<li><a id=\"menurkpq\" class=\"fui-Link ___1q1shib f2hkw1w f3rmtva f1ewtqcl fyind8e f1k6fduh f1w7gpdv fk6fouc fjoy568 figsok6 f1s184ao f1mk8lai fnbmjn9 f1o700av f13mvf36 f1cmlufx f9n3di6 f1ids18y f1tx3yz7 f1deo86v f1eh06m1 f1iescvh fhgqx19 f1olyrje f1p93eir f1nev41a f1h8hb77 f1lqvz6u f10aw75t fsle3fq f17ae5zn\" title=\"https:\/\/www.linkedin.com\/posts\/bbmri-eric_worldhealthday-pregnancy-activity-7314995518529527809-dzof?utm_source=share&amp;utm_medium=member_desktop&amp;rcm=acoaabyb8bcbrsvcpl1hcljlro90_xeocqoxb84\" href=\"https:\/\/www.linkedin.com\/posts\/bbmri-eric_worldhealthday-pregnancy-activity-7314995518529527809-DZoF?utm_source=share&amp;utm_medium=member_desktop&amp;rcm=ACoAABYb8bcBrSvCpL1hclJlrO90_XeOcQOXb84\" target=\"_blank\" rel=\"noreferrer noopener\" aria-label=\"V\u00ednculo Post sobre Embarazo y Salud Materna\">Post sobre Embarazo y Salud Materna<\/a><\/li>\n<li><a id=\"menurkpt\" class=\"fui-Link ___1q1shib f2hkw1w f3rmtva f1ewtqcl fyind8e f1k6fduh f1w7gpdv fk6fouc fjoy568 figsok6 f1s184ao f1mk8lai fnbmjn9 f1o700av f13mvf36 f1cmlufx f9n3di6 f1ids18y f1tx3yz7 f1deo86v f1eh06m1 f1iescvh fhgqx19 f1olyrje f1p93eir f1nev41a f1h8hb77 f1lqvz6u f10aw75t fsle3fq f17ae5zn\" title=\"https:\/\/www.linkedin.com\/posts\/bbmri-eric_worldhealthday-breastmilk-breastfeeding-activity-7315010675607580672-bh-8?utm_source=share&amp;utm_medium=member_desktop&amp;rcm=acoaaaitn8wboaqy9tk17_bnjiyypavdofa64jq\" href=\"https:\/\/www.linkedin.com\/posts\/bbmri-eric_worldhealthday-breastmilk-breastfeeding-activity-7315010675607580672-bh-8?utm_source=share&amp;utm_medium=member_desktop&amp;rcm=ACoAAAitN8wBoaQy9Tk17_BnJiYYpAVdofa64JQ\" target=\"_blank\" rel=\"noreferrer noopener\" aria-label=\"V\u00ednculo Post sobre la Cohorte MAMI: Transferencia de Microbios a trav\u00e9s de la Leche Materna\">Post sobre la Cohorte MAMI: Transferencia de Microbios a trav\u00e9s de la Leche Materna<\/a><\/li>\n<\/ul>\n<h3>Agradecimiento a los Biobancos Participantes<\/h3>\n<p>Queremos extender nuestro agradecimiento a todos los biobancos de la Plataforma ISCIII de Biobancos y Biomodelos (BBMRI.es) que han enviado sus contribuciones para la cobertura del D\u00eda Mundial de la Salud 2025. Gracias a su colaboraci\u00f3n, es posible dar visibilidad al trabajo que realizamos juntos, especialmente en el \u00e1mbito de la salud materna y neonatal, y compartir los avances cient\u00edficos que est\u00e1n transformando el futuro de la atenci\u00f3n m\u00e9dica global.<\/p>\n<h3>Nuestro Compromiso con la Investigaci\u00f3n en Salud Materna y Neonatal<\/h3>\n<p>Este reconocimiento internacional subraya la importancia de la investigaci\u00f3n cient\u00edfica y la colaboraci\u00f3n interinstitucional. Desde la Plataforma ISCIII de Biomodelos y Biobancos (BBMRI.es), nos sentimos orgullosos de poder contribuir al avance de la salud materna y neonatal mediante proyectos de alto impacto como el proyecto MAMI. Nuestro trabajo como nodo nacional en BBMRI-ERIC refuerza la importancia de la investigaci\u00f3n colaborativa y c\u00f3mo los biobancos pueden ser un motor clave para mejorar la salud p\u00fablica.<\/p>\n<p>Agradecemos a BBMRI-ERIC por brindarnos esta oportunidad para destacar el trabajo de nuestros biobancos y sus proyectos, y estamos comprometidos en seguir colaborando para impulsar m\u00e1s investigaciones que beneficien a la sociedad.<\/p>\n<p>\u00a1Gracias por vuestro continuo apoyo y por compartir este mensaje con la comunidad cient\u00edfica y la sociedad!<\/p>\n","protected":false},"excerpt":{"rendered":"<p>Nos complace compartir que el Biobanco para la Investigaci\u00f3n Biom\u00e9dica y en Salud P\u00fablica de la Comunidad Valenciana (Biobanco IBSP-CV), miembro de la Plataforma ISCIII de Biobancos y Biomodelos (BBMRI.es), ha sido destacado en la cobertura multimedia del D\u00eda Mundial de la Salud 2025, organizada por BBMRI-ERIC. Este evento global, bajo el lema &#8220;Healthy Beginnings, [&hellip;]<\/p>\n","protected":false},"author":6,"featured_media":9409,"comment_status":"closed","ping_status":"closed","sticky":false,"template":"","format":"standard","meta":{"_acf_changed":false,"_et_pb_use_builder":"","_et_pb_old_content":"","_et_gb_content_width":"","footnotes":""},"categories":[1],"tags":[],"class_list":["post-9885","post","type-post","status-publish","format-standard","has-post-thumbnail","hentry","category-noticias"],"acf":[],"yoast_head":"<!-- This site is optimized with the Yoast SEO plugin v26.0 - https:\/\/yoast.com\/wordpress\/plugins\/seo\/ -->\n<title>Biobanco IBSP-CV Destacado en la Cobertura del D\u00eda Mundial de la Salud 2025: Un Compromiso con la Salud Materna y Neonatal - Plataforma ISCIII Biobancos y Biomodelos<\/title>\n<meta name=\"robots\" content=\"index, follow, max-snippet:-1, max-image-preview:large, max-video-preview:-1\" \/>\n<link rel=\"canonical\" href=\"https:\/\/www.isciiibiobanksbiomodels.es\/biobanco-ibsp-cv-destacado-en-la-cobertura-del-dia-mundial-de-la-salud-2025-un-compromiso-con-la-salud-materna-y-neonatal\/\" \/>\n<meta property=\"og:locale\" content=\"en_US\" \/>\n<meta property=\"og:type\" content=\"article\" \/>\n<meta property=\"og:title\" content=\"Biobanco IBSP-CV Destacado en la Cobertura del D\u00eda Mundial de la Salud 2025: Un Compromiso con la Salud Materna y Neonatal - Plataforma ISCIII Biobancos y Biomodelos\" \/>\n<meta property=\"og:description\" content=\"Nos complace compartir que el Biobanco para la Investigaci\u00f3n Biom\u00e9dica y en Salud P\u00fablica de la Comunidad Valenciana (Biobanco IBSP-CV), miembro de la Plataforma ISCIII de Biobancos y Biomodelos (BBMRI.es), ha sido destacado en la cobertura multimedia del D\u00eda Mundial de la Salud 2025, organizada por BBMRI-ERIC. Este evento global, bajo el lema &#8220;Healthy Beginnings, [&hellip;]\" \/>\n<meta property=\"og:url\" content=\"https:\/\/www.isciiibiobanksbiomodels.es\/biobanco-ibsp-cv-destacado-en-la-cobertura-del-dia-mundial-de-la-salud-2025-un-compromiso-con-la-salud-materna-y-neonatal\/\" \/>\n<meta property=\"og:site_name\" content=\"Plataforma ISCIII Biobancos y Biomodelos\" \/>\n<meta property=\"article:published_time\" content=\"2025-04-08T10:00:13+00:00\" \/>\n<meta property=\"article:modified_time\" content=\"2025-04-08T10:06:55+00:00\" \/>\n<meta property=\"og:image\" content=\"https:\/\/www.isciiibiobanksbiomodels.es\/wp-content\/uploads\/Imagen4.jpg\" \/>\n\t<meta property=\"og:image:width\" content=\"229\" \/>\n\t<meta property=\"og:image:height\" content=\"114\" \/>\n\t<meta property=\"og:image:type\" content=\"image\/jpeg\" \/>\n<meta name=\"author\" content=\"Aurora\" \/>\n<meta name=\"twitter:card\" content=\"summary_large_image\" \/>\n<meta name=\"twitter:creator\" content=\"@PNBB_ISCIII\" \/>\n<meta name=\"twitter:site\" content=\"@PNBB_ISCIII\" \/>\n<meta name=\"twitter:label1\" content=\"Written by\" \/>\n\t<meta name=\"twitter:data1\" content=\"Aurora\" \/>\n\t<meta name=\"twitter:label2\" content=\"Est. reading time\" \/>\n\t<meta name=\"twitter:data2\" content=\"3 minutes\" \/>\n<script type=\"application\/ld+json\" class=\"yoast-schema-graph\">{\"@context\":\"https:\/\/schema.org\",\"@graph\":[{\"@type\":\"Article\",\"@id\":\"https:\/\/www.isciiibiobanksbiomodels.es\/biobanco-ibsp-cv-destacado-en-la-cobertura-del-dia-mundial-de-la-salud-2025-un-compromiso-con-la-salud-materna-y-neonatal\/#article\",\"isPartOf\":{\"@id\":\"https:\/\/www.isciiibiobanksbiomodels.es\/biobanco-ibsp-cv-destacado-en-la-cobertura-del-dia-mundial-de-la-salud-2025-un-compromiso-con-la-salud-materna-y-neonatal\/\"},\"author\":{\"name\":\"Aurora\",\"@id\":\"https:\/\/www.isciiibiobanksbiomodels.es\/en\/#\/schema\/person\/eeb7585ccba5270273e48338bac24717\"},\"headline\":\"Biobanco IBSP-CV Destacado en la Cobertura del D\u00eda Mundial de la Salud 2025: Un Compromiso con la Salud Materna y Neonatal\",\"datePublished\":\"2025-04-08T10:00:13+00:00\",\"dateModified\":\"2025-04-08T10:06:55+00:00\",\"mainEntityOfPage\":{\"@id\":\"https:\/\/www.isciiibiobanksbiomodels.es\/biobanco-ibsp-cv-destacado-en-la-cobertura-del-dia-mundial-de-la-salud-2025-un-compromiso-con-la-salud-materna-y-neonatal\/\"},\"wordCount\":639,\"publisher\":{\"@id\":\"https:\/\/www.isciiibiobanksbiomodels.es\/en\/#organization\"},\"image\":{\"@id\":\"https:\/\/www.isciiibiobanksbiomodels.es\/biobanco-ibsp-cv-destacado-en-la-cobertura-del-dia-mundial-de-la-salud-2025-un-compromiso-con-la-salud-materna-y-neonatal\/#primaryimage\"},\"thumbnailUrl\":\"https:\/\/www.isciiibiobanksbiomodels.es\/wp-content\/uploads\/Imagen4.jpg\",\"articleSection\":[\"Noticias\"],\"inLanguage\":\"en-US\"},{\"@type\":\"WebPage\",\"@id\":\"https:\/\/www.isciiibiobanksbiomodels.es\/biobanco-ibsp-cv-destacado-en-la-cobertura-del-dia-mundial-de-la-salud-2025-un-compromiso-con-la-salud-materna-y-neonatal\/\",\"url\":\"https:\/\/www.isciiibiobanksbiomodels.es\/biobanco-ibsp-cv-destacado-en-la-cobertura-del-dia-mundial-de-la-salud-2025-un-compromiso-con-la-salud-materna-y-neonatal\/\",\"name\":\"Biobanco IBSP-CV Destacado en la Cobertura del D\u00eda Mundial de la Salud 2025: Un Compromiso con la Salud Materna y Neonatal - Plataforma ISCIII Biobancos y Biomodelos\",\"isPartOf\":{\"@id\":\"https:\/\/www.isciiibiobanksbiomodels.es\/en\/#website\"},\"primaryImageOfPage\":{\"@id\":\"https:\/\/www.isciiibiobanksbiomodels.es\/biobanco-ibsp-cv-destacado-en-la-cobertura-del-dia-mundial-de-la-salud-2025-un-compromiso-con-la-salud-materna-y-neonatal\/#primaryimage\"},\"image\":{\"@id\":\"https:\/\/www.isciiibiobanksbiomodels.es\/biobanco-ibsp-cv-destacado-en-la-cobertura-del-dia-mundial-de-la-salud-2025-un-compromiso-con-la-salud-materna-y-neonatal\/#primaryimage\"},\"thumbnailUrl\":\"https:\/\/www.isciiibiobanksbiomodels.es\/wp-content\/uploads\/Imagen4.jpg\",\"datePublished\":\"2025-04-08T10:00:13+00:00\",\"dateModified\":\"2025-04-08T10:06:55+00:00\",\"breadcrumb\":{\"@id\":\"https:\/\/www.isciiibiobanksbiomodels.es\/biobanco-ibsp-cv-destacado-en-la-cobertura-del-dia-mundial-de-la-salud-2025-un-compromiso-con-la-salud-materna-y-neonatal\/#breadcrumb\"},\"inLanguage\":\"en-US\",\"potentialAction\":[{\"@type\":\"ReadAction\",\"target\":[\"https:\/\/www.isciiibiobanksbiomodels.es\/biobanco-ibsp-cv-destacado-en-la-cobertura-del-dia-mundial-de-la-salud-2025-un-compromiso-con-la-salud-materna-y-neonatal\/\"]}]},{\"@type\":\"ImageObject\",\"inLanguage\":\"en-US\",\"@id\":\"https:\/\/www.isciiibiobanksbiomodels.es\/biobanco-ibsp-cv-destacado-en-la-cobertura-del-dia-mundial-de-la-salud-2025-un-compromiso-con-la-salud-materna-y-neonatal\/#primaryimage\",\"url\":\"https:\/\/www.isciiibiobanksbiomodels.es\/wp-content\/uploads\/Imagen4.jpg\",\"contentUrl\":\"https:\/\/www.isciiibiobanksbiomodels.es\/wp-content\/uploads\/Imagen4.jpg\",\"width\":229,\"height\":114},{\"@type\":\"BreadcrumbList\",\"@id\":\"https:\/\/www.isciiibiobanksbiomodels.es\/biobanco-ibsp-cv-destacado-en-la-cobertura-del-dia-mundial-de-la-salud-2025-un-compromiso-con-la-salud-materna-y-neonatal\/#breadcrumb\",\"itemListElement\":[{\"@type\":\"ListItem\",\"position\":1,\"name\":\"Portada\",\"item\":\"https:\/\/www.isciiibiobanksbiomodels.es\/\"},{\"@type\":\"ListItem\",\"position\":2,\"name\":\"Biobanco IBSP-CV Destacado en la Cobertura del D\u00eda Mundial de la Salud 2025: Un Compromiso con la Salud Materna y Neonatal\"}]},{\"@type\":\"WebSite\",\"@id\":\"https:\/\/www.isciiibiobanksbiomodels.es\/en\/#website\",\"url\":\"https:\/\/www.isciiibiobanksbiomodels.es\/en\/\",\"name\":\"Plataforma ISCIII Biobancos y Biomodelos\",\"description\":\"Un valor a\u00f1adido a la comunidad cient\u00edfica\",\"publisher\":{\"@id\":\"https:\/\/www.isciiibiobanksbiomodels.es\/en\/#organization\"},\"potentialAction\":[{\"@type\":\"SearchAction\",\"target\":{\"@type\":\"EntryPoint\",\"urlTemplate\":\"https:\/\/www.isciiibiobanksbiomodels.es\/en\/?s={search_term_string}\"},\"query-input\":{\"@type\":\"PropertyValueSpecification\",\"valueRequired\":true,\"valueName\":\"search_term_string\"}}],\"inLanguage\":\"en-US\"},{\"@type\":\"Organization\",\"@id\":\"https:\/\/www.isciiibiobanksbiomodels.es\/en\/#organization\",\"name\":\"Plataforma ISCIII Biobancos y Biomodelos\",\"url\":\"https:\/\/www.isciiibiobanksbiomodels.es\/en\/\",\"logo\":{\"@type\":\"ImageObject\",\"inLanguage\":\"en-US\",\"@id\":\"https:\/\/www.isciiibiobanksbiomodels.es\/en\/#\/schema\/logo\/image\/\",\"url\":\"https:\/\/www.isciiibiobanksbiomodels.es\/wp-content\/uploads\/cropped-fabicon-biobancos.png\",\"contentUrl\":\"https:\/\/www.isciiibiobanksbiomodels.es\/wp-content\/uploads\/cropped-fabicon-biobancos.png\",\"width\":512,\"height\":512,\"caption\":\"Plataforma ISCIII Biobancos y Biomodelos\"},\"image\":{\"@id\":\"https:\/\/www.isciiibiobanksbiomodels.es\/en\/#\/schema\/logo\/image\/\"},\"sameAs\":[\"https:\/\/x.com\/PNBB_ISCIII\",\"https:\/\/es.linkedin.com\/in\/platform-isciii-biobanks-and-biomodels-8b890140?trk=public_post_share-update_actor-text\"]},{\"@type\":\"Person\",\"@id\":\"https:\/\/www.isciiibiobanksbiomodels.es\/en\/#\/schema\/person\/eeb7585ccba5270273e48338bac24717\",\"name\":\"Aurora\",\"image\":{\"@type\":\"ImageObject\",\"inLanguage\":\"en-US\",\"@id\":\"https:\/\/www.isciiibiobanksbiomodels.es\/en\/#\/schema\/person\/image\/\",\"url\":\"https:\/\/secure.gravatar.com\/avatar\/4a89a5456bde893fbb022251b14f3b6d17b750918c9383787d000c233859013a?s=96&d=mm&r=g\",\"contentUrl\":\"https:\/\/secure.gravatar.com\/avatar\/4a89a5456bde893fbb022251b14f3b6d17b750918c9383787d000c233859013a?s=96&d=mm&r=g\",\"caption\":\"Aurora\"},\"url\":\"https:\/\/www.isciiibiobanksbiomodels.es\/en\/author\/aurora\/\"}]}<\/script>\n<!-- \/ Yoast SEO plugin. -->","yoast_head_json":{"title":"Biobanco IBSP-CV Destacado en la Cobertura del D\u00eda Mundial de la Salud 2025: Un Compromiso con la Salud Materna y Neonatal - Plataforma ISCIII Biobancos y Biomodelos","robots":{"index":"index","follow":"follow","max-snippet":"max-snippet:-1","max-image-preview":"max-image-preview:large","max-video-preview":"max-video-preview:-1"},"canonical":"https:\/\/www.isciiibiobanksbiomodels.es\/biobanco-ibsp-cv-destacado-en-la-cobertura-del-dia-mundial-de-la-salud-2025-un-compromiso-con-la-salud-materna-y-neonatal\/","og_locale":"en_US","og_type":"article","og_title":"Biobanco IBSP-CV Destacado en la Cobertura del D\u00eda Mundial de la Salud 2025: Un Compromiso con la Salud Materna y Neonatal - Plataforma ISCIII Biobancos y Biomodelos","og_description":"Nos complace compartir que el Biobanco para la Investigaci\u00f3n Biom\u00e9dica y en Salud P\u00fablica de la Comunidad Valenciana (Biobanco IBSP-CV), miembro de la Plataforma ISCIII de Biobancos y Biomodelos (BBMRI.es), ha sido destacado en la cobertura multimedia del D\u00eda Mundial de la Salud 2025, organizada por BBMRI-ERIC. Este evento global, bajo el lema &#8220;Healthy Beginnings, [&hellip;]","og_url":"https:\/\/www.isciiibiobanksbiomodels.es\/biobanco-ibsp-cv-destacado-en-la-cobertura-del-dia-mundial-de-la-salud-2025-un-compromiso-con-la-salud-materna-y-neonatal\/","og_site_name":"Plataforma ISCIII Biobancos y Biomodelos","article_published_time":"2025-04-08T10:00:13+00:00","article_modified_time":"2025-04-08T10:06:55+00:00","og_image":[{"width":229,"height":114,"url":"https:\/\/www.isciiibiobanksbiomodels.es\/wp-content\/uploads\/Imagen4.jpg","type":"image\/jpeg"}],"author":"Aurora","twitter_card":"summary_large_image","twitter_creator":"@PNBB_ISCIII","twitter_site":"@PNBB_ISCIII","twitter_misc":{"Written by":"Aurora","Est. reading time":"3 minutes"},"schema":{"@context":"https:\/\/schema.org","@graph":[{"@type":"Article","@id":"https:\/\/www.isciiibiobanksbiomodels.es\/biobanco-ibsp-cv-destacado-en-la-cobertura-del-dia-mundial-de-la-salud-2025-un-compromiso-con-la-salud-materna-y-neonatal\/#article","isPartOf":{"@id":"https:\/\/www.isciiibiobanksbiomodels.es\/biobanco-ibsp-cv-destacado-en-la-cobertura-del-dia-mundial-de-la-salud-2025-un-compromiso-con-la-salud-materna-y-neonatal\/"},"author":{"name":"Aurora","@id":"https:\/\/www.isciiibiobanksbiomodels.es\/en\/#\/schema\/person\/eeb7585ccba5270273e48338bac24717"},"headline":"Biobanco IBSP-CV Destacado en la Cobertura del D\u00eda Mundial de la Salud 2025: Un Compromiso con la Salud Materna y Neonatal","datePublished":"2025-04-08T10:00:13+00:00","dateModified":"2025-04-08T10:06:55+00:00","mainEntityOfPage":{"@id":"https:\/\/www.isciiibiobanksbiomodels.es\/biobanco-ibsp-cv-destacado-en-la-cobertura-del-dia-mundial-de-la-salud-2025-un-compromiso-con-la-salud-materna-y-neonatal\/"},"wordCount":639,"publisher":{"@id":"https:\/\/www.isciiibiobanksbiomodels.es\/en\/#organization"},"image":{"@id":"https:\/\/www.isciiibiobanksbiomodels.es\/biobanco-ibsp-cv-destacado-en-la-cobertura-del-dia-mundial-de-la-salud-2025-un-compromiso-con-la-salud-materna-y-neonatal\/#primaryimage"},"thumbnailUrl":"https:\/\/www.isciiibiobanksbiomodels.es\/wp-content\/uploads\/Imagen4.jpg","articleSection":["Noticias"],"inLanguage":"en-US"},{"@type":"WebPage","@id":"https:\/\/www.isciiibiobanksbiomodels.es\/biobanco-ibsp-cv-destacado-en-la-cobertura-del-dia-mundial-de-la-salud-2025-un-compromiso-con-la-salud-materna-y-neonatal\/","url":"https:\/\/www.isciiibiobanksbiomodels.es\/biobanco-ibsp-cv-destacado-en-la-cobertura-del-dia-mundial-de-la-salud-2025-un-compromiso-con-la-salud-materna-y-neonatal\/","name":"Biobanco IBSP-CV Destacado en la Cobertura del D\u00eda Mundial de la Salud 2025: Un Compromiso con la Salud Materna y Neonatal - Plataforma ISCIII Biobancos y Biomodelos","isPartOf":{"@id":"https:\/\/www.isciiibiobanksbiomodels.es\/en\/#website"},"primaryImageOfPage":{"@id":"https:\/\/www.isciiibiobanksbiomodels.es\/biobanco-ibsp-cv-destacado-en-la-cobertura-del-dia-mundial-de-la-salud-2025-un-compromiso-con-la-salud-materna-y-neonatal\/#primaryimage"},"image":{"@id":"https:\/\/www.isciiibiobanksbiomodels.es\/biobanco-ibsp-cv-destacado-en-la-cobertura-del-dia-mundial-de-la-salud-2025-un-compromiso-con-la-salud-materna-y-neonatal\/#primaryimage"},"thumbnailUrl":"https:\/\/www.isciiibiobanksbiomodels.es\/wp-content\/uploads\/Imagen4.jpg","datePublished":"2025-04-08T10:00:13+00:00","dateModified":"2025-04-08T10:06:55+00:00","breadcrumb":{"@id":"https:\/\/www.isciiibiobanksbiomodels.es\/biobanco-ibsp-cv-destacado-en-la-cobertura-del-dia-mundial-de-la-salud-2025-un-compromiso-con-la-salud-materna-y-neonatal\/#breadcrumb"},"inLanguage":"en-US","potentialAction":[{"@type":"ReadAction","target":["https:\/\/www.isciiibiobanksbiomodels.es\/biobanco-ibsp-cv-destacado-en-la-cobertura-del-dia-mundial-de-la-salud-2025-un-compromiso-con-la-salud-materna-y-neonatal\/"]}]},{"@type":"ImageObject","inLanguage":"en-US","@id":"https:\/\/www.isciiibiobanksbiomodels.es\/biobanco-ibsp-cv-destacado-en-la-cobertura-del-dia-mundial-de-la-salud-2025-un-compromiso-con-la-salud-materna-y-neonatal\/#primaryimage","url":"https:\/\/www.isciiibiobanksbiomodels.es\/wp-content\/uploads\/Imagen4.jpg","contentUrl":"https:\/\/www.isciiibiobanksbiomodels.es\/wp-content\/uploads\/Imagen4.jpg","width":229,"height":114},{"@type":"BreadcrumbList","@id":"https:\/\/www.isciiibiobanksbiomodels.es\/biobanco-ibsp-cv-destacado-en-la-cobertura-del-dia-mundial-de-la-salud-2025-un-compromiso-con-la-salud-materna-y-neonatal\/#breadcrumb","itemListElement":[{"@type":"ListItem","position":1,"name":"Portada","item":"https:\/\/www.isciiibiobanksbiomodels.es\/"},{"@type":"ListItem","position":2,"name":"Biobanco IBSP-CV Destacado en la Cobertura del D\u00eda Mundial de la Salud 2025: Un Compromiso con la Salud Materna y Neonatal"}]},{"@type":"WebSite","@id":"https:\/\/www.isciiibiobanksbiomodels.es\/en\/#website","url":"https:\/\/www.isciiibiobanksbiomodels.es\/en\/","name":"Plataforma ISCIII Biobancos y Biomodelos","description":"Un valor a\u00f1adido a la comunidad cient\u00edfica","publisher":{"@id":"https:\/\/www.isciiibiobanksbiomodels.es\/en\/#organization"},"potentialAction":[{"@type":"SearchAction","target":{"@type":"EntryPoint","urlTemplate":"https:\/\/www.isciiibiobanksbiomodels.es\/en\/?s={search_term_string}"},"query-input":{"@type":"PropertyValueSpecification","valueRequired":true,"valueName":"search_term_string"}}],"inLanguage":"en-US"},{"@type":"Organization","@id":"https:\/\/www.isciiibiobanksbiomodels.es\/en\/#organization","name":"Plataforma ISCIII Biobancos y Biomodelos","url":"https:\/\/www.isciiibiobanksbiomodels.es\/en\/","logo":{"@type":"ImageObject","inLanguage":"en-US","@id":"https:\/\/www.isciiibiobanksbiomodels.es\/en\/#\/schema\/logo\/image\/","url":"https:\/\/www.isciiibiobanksbiomodels.es\/wp-content\/uploads\/cropped-fabicon-biobancos.png","contentUrl":"https:\/\/www.isciiibiobanksbiomodels.es\/wp-content\/uploads\/cropped-fabicon-biobancos.png","width":512,"height":512,"caption":"Plataforma ISCIII Biobancos y Biomodelos"},"image":{"@id":"https:\/\/www.isciiibiobanksbiomodels.es\/en\/#\/schema\/logo\/image\/"},"sameAs":["https:\/\/x.com\/PNBB_ISCIII","https:\/\/es.linkedin.com\/in\/platform-isciii-biobanks-and-biomodels-8b890140?trk=public_post_share-update_actor-text"]},{"@type":"Person","@id":"https:\/\/www.isciiibiobanksbiomodels.es\/en\/#\/schema\/person\/eeb7585ccba5270273e48338bac24717","name":"Aurora","image":{"@type":"ImageObject","inLanguage":"en-US","@id":"https:\/\/www.isciiibiobanksbiomodels.es\/en\/#\/schema\/person\/image\/","url":"https:\/\/secure.gravatar.com\/avatar\/4a89a5456bde893fbb022251b14f3b6d17b750918c9383787d000c233859013a?s=96&d=mm&r=g","contentUrl":"https:\/\/secure.gravatar.com\/avatar\/4a89a5456bde893fbb022251b14f3b6d17b750918c9383787d000c233859013a?s=96&d=mm&r=g","caption":"Aurora"},"url":"https:\/\/www.isciiibiobanksbiomodels.es\/en\/author\/aurora\/"}]}},"_links":{"self":[{"href":"https:\/\/www.isciiibiobanksbiomodels.es\/en\/wp-json\/wp\/v2\/posts\/9885","targetHints":{"allow":["GET"]}}],"collection":[{"href":"https:\/\/www.isciiibiobanksbiomodels.es\/en\/wp-json\/wp\/v2\/posts"}],"about":[{"href":"https:\/\/www.isciiibiobanksbiomodels.es\/en\/wp-json\/wp\/v2\/types\/post"}],"author":[{"embeddable":true,"href":"https:\/\/www.isciiibiobanksbiomodels.es\/en\/wp-json\/wp\/v2\/users\/6"}],"replies":[{"embeddable":true,"href":"https:\/\/www.isciiibiobanksbiomodels.es\/en\/wp-json\/wp\/v2\/comments?post=9885"}],"version-history":[{"count":2,"href":"https:\/\/www.isciiibiobanksbiomodels.es\/en\/wp-json\/wp\/v2\/posts\/9885\/revisions"}],"predecessor-version":[{"id":9887,"href":"https:\/\/www.isciiibiobanksbiomodels.es\/en\/wp-json\/wp\/v2\/posts\/9885\/revisions\/9887"}],"wp:featuredmedia":[{"embeddable":true,"href":"https:\/\/www.isciiibiobanksbiomodels.es\/en\/wp-json\/wp\/v2\/media\/9409"}],"wp:attachment":[{"href":"https:\/\/www.isciiibiobanksbiomodels.es\/en\/wp-json\/wp\/v2\/media?parent=9885"}],"wp:term":[{"taxonomy":"category","embeddable":true,"href":"https:\/\/www.isciiibiobanksbiomodels.es\/en\/wp-json\/wp\/v2\/categories?post=9885"},{"taxonomy":"post_tag","embeddable":true,"href":"https:\/\/www.isciiibiobanksbiomodels.es\/en\/wp-json\/wp\/v2\/tags?post=9885"}],"curies":[{"name":"wp","href":"https:\/\/api.w.org\/{rel}","templated":true}]}}